{"id":27,"date":"2018-01-31T23:37:33","date_gmt":"2018-01-31T23:37:33","guid":{"rendered":"https:\/\/opemisca.com\/blog\/?p=27"},"modified":"2023-02-08T16:11:02","modified_gmt":"2023-02-08T21:11:02","slug":"le-fjord-du-saguenay","status":"publish","type":"post","link":"https:\/\/opemisca.com\/blog\/2018\/01\/31\/le-fjord-du-saguenay\/","title":{"rendered":"Le Fjord du Saguenay"},"content":{"rendered":"<p><img data-recalc-dims=\"1\" loading=\"lazy\" decoding=\"async\" data-attachment-id=\"35\" data-permalink=\"https:\/\/opemisca.com\/blog\/2018\/01\/31\/le-fjord-du-saguenay\/la_baie\/\" data-orig-file=\"https:\/\/i0.wp.com\/opemisca.com\/blog\/wp-content\/uploads\/2018\/01\/la_baie.jpg?fit=364%2C243&amp;ssl=1\" data-orig-size=\"364,243\" data-comments-opened=\"1\" data-image-meta=\"{&quot;aperture&quot;:&quot;5&quot;,&quot;credit&quot;:&quot;Martial Tremblayy&quot;,&quot;camera&quot;:&quot;NIKON D7100&quot;,&quot;caption&quot;:&quot;????????????????????????????????????&quot;,&quot;created_timestamp&quot;:&quot;1407591388&quot;,&quot;copyright&quot;:&quot;Martial Tremblay&quot;,&quot;focal_length&quot;:&quot;80&quot;,&quot;iso&quot;:&quot;200&quot;,&quot;shutter_speed&quot;:&quot;0.0025&quot;,&quot;title&quot;:&quot;&quot;,&quot;orientation&quot;:&quot;1&quot;}\" data-image-title=\"la_baie\" data-image-description=\"\" data-image-caption=\"&lt;p&gt;????????????????????????????????????&lt;\/p&gt;\n\" data-medium-file=\"https:\/\/i0.wp.com\/opemisca.com\/blog\/wp-content\/uploads\/2018\/01\/la_baie.jpg?fit=300%2C200&amp;ssl=1\" data-large-file=\"https:\/\/i0.wp.com\/opemisca.com\/blog\/wp-content\/uploads\/2018\/01\/la_baie.jpg?fit=364%2C243&amp;ssl=1\" class=\"size-medium wp-image-35 aligncenter\" src=\"https:\/\/i0.wp.com\/opemisca.com\/blog\/wp-content\/uploads\/2018\/01\/la_baie.jpg?resize=300%2C200&#038;ssl=1\" alt=\"\" width=\"300\" height=\"200\" srcset=\"https:\/\/i0.wp.com\/opemisca.com\/blog\/wp-content\/uploads\/2018\/01\/la_baie.jpg?resize=300%2C200&amp;ssl=1 300w, https:\/\/i0.wp.com\/opemisca.com\/blog\/wp-content\/uploads\/2018\/01\/la_baie.jpg?w=364&amp;ssl=1 364w\" sizes=\"auto, (max-width: 300px) 100vw, 300px\" \/><\/p>\n<p>Le Fjord du Saguenay, majestueux que dire de plus??? Situ\u00e9 dans la magnifique r\u00e9gion du Saguenay Lac Saint-jean au Qu\u00e9bec (Canada). Il a \u00e9t\u00e9 creus\u00e9 par le passage des glaciers il y a de cela des milliers d&rsquo;ann\u00e9es, une de ses caract\u00e9ristique importante est que de l&rsquo;eau douce coule \u00e0 sa surface mais que ses profondeurs sont compos\u00e9 d&rsquo;eau froide et saline provenant du Fleuve Saint-Laurent ce qui en fait un \u00e9cosyst\u00e8me unique et tr\u00e8s diversifi\u00e9.\u00a0\u00a0D&rsquo;une longueur de 155 kilom\u00e8tres, ses rives sont bord\u00e9es de falaises escarp\u00e9e atteignant plusieurs centaines de m\u00e8tres, la plus c\u00e9l\u00e8bre d&rsquo;entre elle \u00e9tant le cap trinit\u00e9 et il atteint des profondeurs tout aussi impressionante cachant une faune marine en excellente sant\u00e9 et tr\u00e8s diversifi\u00e9e.<\/p>\n<p><img data-recalc-dims=\"1\" loading=\"lazy\" decoding=\"async\" data-attachment-id=\"40\" data-permalink=\"https:\/\/opemisca.com\/blog\/2018\/01\/31\/le-fjord-du-saguenay\/navettes-maritimes-du-fjord-riviere-eternite-parc-national-fjord-du-saguenay-cap-trinite\/\" data-orig-file=\"https:\/\/i0.wp.com\/opemisca.com\/blog\/wp-content\/uploads\/2018\/01\/navettes-maritimes-du-fjord-riviere-eternite-parc-national-fjord-du-saguenay-cap-trinite.jpg?fit=800%2C533&amp;ssl=1\" data-orig-size=\"800,533\" data-comments-opened=\"1\" data-image-meta=\"{&quot;aperture&quot;:&quot;0&quot;,&quot;credit&quot;:&quot;&quot;,&quot;camera&quot;:&quot;&quot;,&quot;caption&quot;:&quot;&quot;,&quot;created_timestamp&quot;:&quot;0&quot;,&quot;copyright&quot;:&quot;&quot;,&quot;focal_length&quot;:&quot;0&quot;,&quot;iso&quot;:&quot;0&quot;,&quot;shutter_speed&quot;:&quot;0&quot;,&quot;title&quot;:&quot;&quot;,&quot;orientation&quot;:&quot;0&quot;}\" data-image-title=\"navettes-maritimes-du-fjord-riviere-eternite-parc-national-fjord-du-saguenay-cap-trinite\" data-image-description=\"\" data-image-caption=\"\" data-medium-file=\"https:\/\/i0.wp.com\/opemisca.com\/blog\/wp-content\/uploads\/2018\/01\/navettes-maritimes-du-fjord-riviere-eternite-parc-national-fjord-du-saguenay-cap-trinite.jpg?fit=300%2C200&amp;ssl=1\" data-large-file=\"https:\/\/i0.wp.com\/opemisca.com\/blog\/wp-content\/uploads\/2018\/01\/navettes-maritimes-du-fjord-riviere-eternite-parc-national-fjord-du-saguenay-cap-trinite.jpg?fit=800%2C533&amp;ssl=1\" class=\"size-medium wp-image-40 aligncenter\" src=\"https:\/\/i0.wp.com\/opemisca.com\/blog\/wp-content\/uploads\/2018\/01\/navettes-maritimes-du-fjord-riviere-eternite-parc-national-fjord-du-saguenay-cap-trinite.jpg?resize=300%2C200&#038;ssl=1\" alt=\"\" width=\"300\" height=\"200\" srcset=\"https:\/\/i0.wp.com\/opemisca.com\/blog\/wp-content\/uploads\/2018\/01\/navettes-maritimes-du-fjord-riviere-eternite-parc-national-fjord-du-saguenay-cap-trinite.jpg?resize=300%2C200&amp;ssl=1 300w, https:\/\/i0.wp.com\/opemisca.com\/blog\/wp-content\/uploads\/2018\/01\/navettes-maritimes-du-fjord-riviere-eternite-parc-national-fjord-du-saguenay-cap-trinite.jpg?resize=768%2C512&amp;ssl=1 768w, https:\/\/i0.wp.com\/opemisca.com\/blog\/wp-content\/uploads\/2018\/01\/navettes-maritimes-du-fjord-riviere-eternite-parc-national-fjord-du-saguenay-cap-trinite.jpg?w=800&amp;ssl=1 800w\" sizes=\"auto, (max-width: 300px) 100vw, 300px\" \/><\/p>\n<p>Bon an mal an lorsque l&rsquo;hiver se pointe le nez une \u00e9paisse couche de glace recouvre la surface du Fjord ce qui provoque une fi\u00e8vre extr\u00eamement puissante chez plusieurs milliers d&rsquo;adepte de p\u00eache blanche. Les principales esp\u00e8ces pouvant y \u00eatre captur\u00e9 sont : la morue franche (Gadus Morhua), la morue ogac (Gadus ogac), le s\u00e9baste (sebaste mentella), Le fl\u00e9tan du groenland aussi appell\u00e9 turbot (<span class=\"_Xbe kno-fv\">Reinhardtius hippoglossoides), le fl\u00e9tan atlantique (Hippoglossus hippoglossus), la raie \u00e9pineuse (<span class=\"_xdb\">\u00a0<\/span>Amblyraja radiata), la lycode de laval (lycodes lavalaei), le requin du groenland (Somniosus microcephalus) , la truite de mer (qui est en fait un omble de fontaine anadrome), la saumon atlantique (salmo salar),\u00a0 le bar ray\u00e9 (morone saxatilis) ainsi que plusieurs autres esp\u00e8ces d&rsquo;eau douce et sal\u00e9e. En fait le fjord compte plus de 76 esp\u00e8ces diff\u00e9rentes pour faire la joie de tout les p\u00eacheurs locaux.<\/span><\/p>\n<p><img data-recalc-dims=\"1\" loading=\"lazy\" decoding=\"async\" data-attachment-id=\"44\" data-permalink=\"https:\/\/opemisca.com\/blog\/2018\/01\/31\/le-fjord-du-saguenay\/16469085_10154926544678419_251958283_n\/\" data-orig-file=\"https:\/\/i0.wp.com\/opemisca.com\/blog\/wp-content\/uploads\/2018\/01\/16469085_10154926544678419_251958283_n.jpg?fit=768%2C960&amp;ssl=1\" data-orig-size=\"768,960\" data-comments-opened=\"1\" data-image-meta=\"{&quot;aperture&quot;:&quot;0&quot;,&quot;credit&quot;:&quot;&quot;,&quot;camera&quot;:&quot;&quot;,&quot;caption&quot;:&quot;&quot;,&quot;created_timestamp&quot;:&quot;0&quot;,&quot;copyright&quot;:&quot;&quot;,&quot;focal_length&quot;:&quot;0&quot;,&quot;iso&quot;:&quot;0&quot;,&quot;shutter_speed&quot;:&quot;0&quot;,&quot;title&quot;:&quot;&quot;,&quot;orientation&quot;:&quot;0&quot;}\" data-image-title=\"16469085_10154926544678419_251958283_n\" data-image-description=\"\" data-image-caption=\"\" data-medium-file=\"https:\/\/i0.wp.com\/opemisca.com\/blog\/wp-content\/uploads\/2018\/01\/16469085_10154926544678419_251958283_n.jpg?fit=240%2C300&amp;ssl=1\" data-large-file=\"https:\/\/i0.wp.com\/opemisca.com\/blog\/wp-content\/uploads\/2018\/01\/16469085_10154926544678419_251958283_n.jpg?fit=768%2C960&amp;ssl=1\" class=\"size-medium wp-image-44 alignleft\" src=\"https:\/\/i0.wp.com\/opemisca.com\/blog\/wp-content\/uploads\/2018\/01\/16469085_10154926544678419_251958283_n.jpg?resize=240%2C300&#038;ssl=1\" alt=\"\" width=\"240\" height=\"300\" srcset=\"https:\/\/i0.wp.com\/opemisca.com\/blog\/wp-content\/uploads\/2018\/01\/16469085_10154926544678419_251958283_n.jpg?resize=240%2C300&amp;ssl=1 240w, https:\/\/i0.wp.com\/opemisca.com\/blog\/wp-content\/uploads\/2018\/01\/16469085_10154926544678419_251958283_n.jpg?w=768&amp;ssl=1 768w\" sizes=\"auto, (max-width: 240px) 100vw, 240px\" \/><img data-recalc-dims=\"1\" loading=\"lazy\" decoding=\"async\" data-attachment-id=\"61\" data-permalink=\"https:\/\/opemisca.com\/blog\/2018\/01\/31\/le-fjord-du-saguenay\/15541971_1677933252497073_2938625926143537324_n\/\" data-orig-file=\"https:\/\/i0.wp.com\/opemisca.com\/blog\/wp-content\/uploads\/2018\/01\/15541971_1677933252497073_2938625926143537324_n.jpg?fit=960%2C720&amp;ssl=1\" data-orig-size=\"960,720\" data-comments-opened=\"1\" data-image-meta=\"{&quot;aperture&quot;:&quot;0&quot;,&quot;credit&quot;:&quot;&quot;,&quot;camera&quot;:&quot;&quot;,&quot;caption&quot;:&quot;&quot;,&quot;created_timestamp&quot;:&quot;0&quot;,&quot;copyright&quot;:&quot;&quot;,&quot;focal_length&quot;:&quot;0&quot;,&quot;iso&quot;:&quot;0&quot;,&quot;shutter_speed&quot;:&quot;0&quot;,&quot;title&quot;:&quot;&quot;,&quot;orientation&quot;:&quot;0&quot;}\" data-image-title=\"15541971_1677933252497073_2938625926143537324_n\" data-image-description=\"\" data-image-caption=\"\" data-medium-file=\"https:\/\/i0.wp.com\/opemisca.com\/blog\/wp-content\/uploads\/2018\/01\/15541971_1677933252497073_2938625926143537324_n.jpg?fit=300%2C225&amp;ssl=1\" data-large-file=\"https:\/\/i0.wp.com\/opemisca.com\/blog\/wp-content\/uploads\/2018\/01\/15541971_1677933252497073_2938625926143537324_n.jpg?fit=960%2C720&amp;ssl=1\" class=\"alignnone size-medium wp-image-61\" src=\"https:\/\/i0.wp.com\/opemisca.com\/blog\/wp-content\/uploads\/2018\/01\/15541971_1677933252497073_2938625926143537324_n.jpg?resize=300%2C225&#038;ssl=1\" alt=\"\" width=\"300\" height=\"225\" srcset=\"https:\/\/i0.wp.com\/opemisca.com\/blog\/wp-content\/uploads\/2018\/01\/15541971_1677933252497073_2938625926143537324_n.jpg?resize=300%2C225&amp;ssl=1 300w, https:\/\/i0.wp.com\/opemisca.com\/blog\/wp-content\/uploads\/2018\/01\/15541971_1677933252497073_2938625926143537324_n.jpg?resize=768%2C576&amp;ssl=1 768w, https:\/\/i0.wp.com\/opemisca.com\/blog\/wp-content\/uploads\/2018\/01\/15541971_1677933252497073_2938625926143537324_n.jpg?w=960&amp;ssl=1 960w\" sizes=\"auto, (max-width: 300px) 100vw, 300px\" \/><\/p>\n<p>Les techniques de p\u00eaches utilis\u00e9 sont aussi tr\u00e8s vari\u00e9e, allant de la simple p\u00eache \u00e0 la ligne morte, \u00e0 la p\u00eache \u00e0 la dandinette verticale ou \u00e0 l&rsquo;utilisation de paliers multiples afin de viser plusieurs profondeurs avec la m\u00eame ligne. La plus populaire \u00e9tant malgr\u00e9 tout la dandinette verticale en utilisant des poids variant de 2 onces \u00e0 10 onces et m\u00eame plus. (Un article futur fera peut-\u00eatre l&rsquo;objet de ce sujet).<\/p>\n<p><img data-recalc-dims=\"1\" loading=\"lazy\" decoding=\"async\" data-attachment-id=\"4\" data-permalink=\"https:\/\/opemisca.com\/blog\/2018\/01\/31\/le-fjord-du-saguenay\/27152660_1574496602632021_1731352567_n\/\" data-orig-file=\"https:\/\/i0.wp.com\/opemisca.com\/blog\/wp-content\/uploads\/2018\/01\/27152660_1574496602632021_1731352567_n.jpg?fit=640%2C379&amp;ssl=1\" data-orig-size=\"640,379\" data-comments-opened=\"1\" data-image-meta=\"{&quot;aperture&quot;:&quot;0&quot;,&quot;credit&quot;:&quot;&quot;,&quot;camera&quot;:&quot;&quot;,&quot;caption&quot;:&quot;&quot;,&quot;created_timestamp&quot;:&quot;0&quot;,&quot;copyright&quot;:&quot;&quot;,&quot;focal_length&quot;:&quot;0&quot;,&quot;iso&quot;:&quot;0&quot;,&quot;shutter_speed&quot;:&quot;0&quot;,&quot;title&quot;:&quot;&quot;,&quot;orientation&quot;:&quot;0&quot;}\" data-image-title=\"27152660_1574496602632021_1731352567_n\" data-image-description=\"\" data-image-caption=\"\" data-medium-file=\"https:\/\/i0.wp.com\/opemisca.com\/blog\/wp-content\/uploads\/2018\/01\/27152660_1574496602632021_1731352567_n.jpg?fit=300%2C178&amp;ssl=1\" data-large-file=\"https:\/\/i0.wp.com\/opemisca.com\/blog\/wp-content\/uploads\/2018\/01\/27152660_1574496602632021_1731352567_n.jpg?fit=640%2C379&amp;ssl=1\" class=\"size-medium wp-image-4 aligncenter\" src=\"https:\/\/i0.wp.com\/opemisca.com\/blog\/wp-content\/uploads\/2018\/01\/27152660_1574496602632021_1731352567_n.jpg?resize=300%2C178&#038;ssl=1\" alt=\"\" width=\"300\" height=\"178\" srcset=\"https:\/\/i0.wp.com\/opemisca.com\/blog\/wp-content\/uploads\/2018\/01\/27152660_1574496602632021_1731352567_n.jpg?resize=300%2C178&amp;ssl=1 300w, https:\/\/i0.wp.com\/opemisca.com\/blog\/wp-content\/uploads\/2018\/01\/27152660_1574496602632021_1731352567_n.jpg?w=640&amp;ssl=1 640w\" sizes=\"auto, (max-width: 300px) 100vw, 300px\" \/><\/p>\n<p>Malgr\u00e9 la pr\u00e9sence de p\u00eacheur tout le long de la rivi\u00e8re, il y a de grandes concentration de p\u00eacheurs dans des secteurs bien pr\u00e9cis.<\/p>\n<ul>\n<li>Arrondissement La Baie (Ville Saguenay) ou deux villages de p\u00eache y sont pr\u00e9sent sois celui de grande-baie et de l&rsquo;anse \u00e0 benjamin.<\/li>\n<li>Rivi\u00e8re \u00e9ternit\u00e9, ou est situ\u00e9 un petit site g\u00e9r\u00e9 par la sepaq.<\/li>\n<li>L&rsquo;anse saint-jean, un petit village plut\u00f4t sympathique.<\/li>\n<li>Saint-Fulgence<\/li>\n<li>Ste-Rose du Nord<\/li>\n<\/ul>\n<p>Plusieurs pourvoyeurs op\u00e8rent dans tout ces secteurs vous pouvez sans h\u00e9siter faire affaire avec ceux ci; ils offrent un service tr\u00e8s profesionnel. Pour n&rsquo;en nommer que quelques un<\/p>\n<ul>\n<li>Pourvoirie poseidon (<a href=\"https:\/\/www.facebook.com\/Pourvoirie.Poseidon\/\">https:\/\/www.facebook.com\/Pourvoirie.Poseidon\/)<\/a><\/li>\n<li>P\u00eache aventure Saguenay (<a href=\"https:\/\/www.facebook.com\/P%C3%AAche-Aventures-Saguenay-183021215053208\/\">https:\/\/www.facebook.com\/P%C3%AAche-Aventures-Saguenay-183021215053208\/)<\/a><\/li>\n<\/ul>\n<p>Pour tout vos besoins en \u00e9quipement de p\u00eache il y a un incontournable une boutique qui vend du mat\u00e9riel de p\u00eache depuis plus de 80 ans il s&rsquo;agit de l&rsquo;accomodation des 21, Une boutique plus que garnie avec un service hors pairs. Elle est situ\u00e9e au 3422 boulevard de la grande baie sud dans l&rsquo;arrondissement la baie. Plusieurs possibilit\u00e9s d&rsquo;h\u00e9bergement \u00e0 bon prix sont aussi possible.<\/p>\n<p><img data-recalc-dims=\"1\" loading=\"lazy\" decoding=\"async\" data-attachment-id=\"48\" data-permalink=\"https:\/\/opemisca.com\/blog\/2018\/01\/31\/le-fjord-du-saguenay\/16174806_1398785920144959_1952753423704775212_n\/\" data-orig-file=\"https:\/\/i0.wp.com\/opemisca.com\/blog\/wp-content\/uploads\/2018\/01\/16174806_1398785920144959_1952753423704775212_n.jpg?fit=720%2C960&amp;ssl=1\" data-orig-size=\"720,960\" data-comments-opened=\"1\" data-image-meta=\"{&quot;aperture&quot;:&quot;0&quot;,&quot;credit&quot;:&quot;&quot;,&quot;camera&quot;:&quot;&quot;,&quot;caption&quot;:&quot;&quot;,&quot;created_timestamp&quot;:&quot;0&quot;,&quot;copyright&quot;:&quot;&quot;,&quot;focal_length&quot;:&quot;0&quot;,&quot;iso&quot;:&quot;0&quot;,&quot;shutter_speed&quot;:&quot;0&quot;,&quot;title&quot;:&quot;&quot;,&quot;orientation&quot;:&quot;0&quot;}\" data-image-title=\"16174806_1398785920144959_1952753423704775212_n\" data-image-description=\"\" data-image-caption=\"\" data-medium-file=\"https:\/\/i0.wp.com\/opemisca.com\/blog\/wp-content\/uploads\/2018\/01\/16174806_1398785920144959_1952753423704775212_n.jpg?fit=225%2C300&amp;ssl=1\" data-large-file=\"https:\/\/i0.wp.com\/opemisca.com\/blog\/wp-content\/uploads\/2018\/01\/16174806_1398785920144959_1952753423704775212_n.jpg?fit=720%2C960&amp;ssl=1\" class=\"alignnone size-medium wp-image-48\" src=\"https:\/\/i0.wp.com\/opemisca.com\/blog\/wp-content\/uploads\/2018\/01\/16174806_1398785920144959_1952753423704775212_n.jpg?resize=225%2C300&#038;ssl=1\" alt=\"\" width=\"225\" height=\"300\" srcset=\"https:\/\/i0.wp.com\/opemisca.com\/blog\/wp-content\/uploads\/2018\/01\/16174806_1398785920144959_1952753423704775212_n.jpg?resize=225%2C300&amp;ssl=1 225w, https:\/\/i0.wp.com\/opemisca.com\/blog\/wp-content\/uploads\/2018\/01\/16174806_1398785920144959_1952753423704775212_n.jpg?w=720&amp;ssl=1 720w\" sizes=\"auto, (max-width: 225px) 100vw, 225px\" \/><img data-recalc-dims=\"1\" loading=\"lazy\" decoding=\"async\" data-attachment-id=\"49\" data-permalink=\"https:\/\/opemisca.com\/blog\/2018\/01\/31\/le-fjord-du-saguenay\/17160451_10210735980387356_1910461874_n\/\" data-orig-file=\"https:\/\/i0.wp.com\/opemisca.com\/blog\/wp-content\/uploads\/2018\/01\/17160451_10210735980387356_1910461874_n.jpg?fit=360%2C480&amp;ssl=1\" data-orig-size=\"360,480\" data-comments-opened=\"1\" data-image-meta=\"{&quot;aperture&quot;:&quot;0&quot;,&quot;credit&quot;:&quot;&quot;,&quot;camera&quot;:&quot;&quot;,&quot;caption&quot;:&quot;&quot;,&quot;created_timestamp&quot;:&quot;0&quot;,&quot;copyright&quot;:&quot;&quot;,&quot;focal_length&quot;:&quot;0&quot;,&quot;iso&quot;:&quot;0&quot;,&quot;shutter_speed&quot;:&quot;0&quot;,&quot;title&quot;:&quot;&quot;,&quot;orientation&quot;:&quot;0&quot;}\" data-image-title=\"17160451_10210735980387356_1910461874_n\" data-image-description=\"\" data-image-caption=\"\" data-medium-file=\"https:\/\/i0.wp.com\/opemisca.com\/blog\/wp-content\/uploads\/2018\/01\/17160451_10210735980387356_1910461874_n.jpg?fit=225%2C300&amp;ssl=1\" data-large-file=\"https:\/\/i0.wp.com\/opemisca.com\/blog\/wp-content\/uploads\/2018\/01\/17160451_10210735980387356_1910461874_n.jpg?fit=360%2C480&amp;ssl=1\" class=\"alignnone size-medium wp-image-49\" src=\"https:\/\/i0.wp.com\/opemisca.com\/blog\/wp-content\/uploads\/2018\/01\/17160451_10210735980387356_1910461874_n.jpg?resize=225%2C300&#038;ssl=1\" alt=\"\" width=\"225\" height=\"300\" srcset=\"https:\/\/i0.wp.com\/opemisca.com\/blog\/wp-content\/uploads\/2018\/01\/17160451_10210735980387356_1910461874_n.jpg?resize=225%2C300&amp;ssl=1 225w, https:\/\/i0.wp.com\/opemisca.com\/blog\/wp-content\/uploads\/2018\/01\/17160451_10210735980387356_1910461874_n.jpg?w=360&amp;ssl=1 360w\" sizes=\"auto, (max-width: 225px) 100vw, 225px\" \/><img data-recalc-dims=\"1\" loading=\"lazy\" decoding=\"async\" data-attachment-id=\"50\" data-permalink=\"https:\/\/opemisca.com\/blog\/2018\/01\/31\/le-fjord-du-saguenay\/16244202_1318764541513768_1509971905_n\/\" data-orig-file=\"https:\/\/i0.wp.com\/opemisca.com\/blog\/wp-content\/uploads\/2018\/01\/16244202_1318764541513768_1509971905_n.jpg?fit=720%2C960&amp;ssl=1\" data-orig-size=\"720,960\" data-comments-opened=\"1\" data-image-meta=\"{&quot;aperture&quot;:&quot;0&quot;,&quot;credit&quot;:&quot;&quot;,&quot;camera&quot;:&quot;&quot;,&quot;caption&quot;:&quot;&quot;,&quot;created_timestamp&quot;:&quot;0&quot;,&quot;copyright&quot;:&quot;&quot;,&quot;focal_length&quot;:&quot;0&quot;,&quot;iso&quot;:&quot;0&quot;,&quot;shutter_speed&quot;:&quot;0&quot;,&quot;title&quot;:&quot;&quot;,&quot;orientation&quot;:&quot;0&quot;}\" data-image-title=\"16244202_1318764541513768_1509971905_n\" data-image-description=\"\" data-image-caption=\"\" data-medium-file=\"https:\/\/i0.wp.com\/opemisca.com\/blog\/wp-content\/uploads\/2018\/01\/16244202_1318764541513768_1509971905_n.jpg?fit=225%2C300&amp;ssl=1\" data-large-file=\"https:\/\/i0.wp.com\/opemisca.com\/blog\/wp-content\/uploads\/2018\/01\/16244202_1318764541513768_1509971905_n.jpg?fit=720%2C960&amp;ssl=1\" class=\"alignnone size-medium wp-image-50\" src=\"https:\/\/i0.wp.com\/opemisca.com\/blog\/wp-content\/uploads\/2018\/01\/16244202_1318764541513768_1509971905_n.jpg?resize=225%2C300&#038;ssl=1\" alt=\"\" width=\"225\" height=\"300\" srcset=\"https:\/\/i0.wp.com\/opemisca.com\/blog\/wp-content\/uploads\/2018\/01\/16244202_1318764541513768_1509971905_n.jpg?resize=225%2C300&amp;ssl=1 225w, https:\/\/i0.wp.com\/opemisca.com\/blog\/wp-content\/uploads\/2018\/01\/16244202_1318764541513768_1509971905_n.jpg?w=720&amp;ssl=1 720w\" sizes=\"auto, (max-width: 225px) 100vw, 225px\" \/><img data-recalc-dims=\"1\" loading=\"lazy\" decoding=\"async\" data-attachment-id=\"51\" data-permalink=\"https:\/\/opemisca.com\/blog\/2018\/01\/31\/le-fjord-du-saguenay\/16522743_1332916130098609_794006714_n\/\" data-orig-file=\"https:\/\/i0.wp.com\/opemisca.com\/blog\/wp-content\/uploads\/2018\/01\/16522743_1332916130098609_794006714_n.jpg?fit=720%2C960&amp;ssl=1\" data-orig-size=\"720,960\" data-comments-opened=\"1\" data-image-meta=\"{&quot;aperture&quot;:&quot;0&quot;,&quot;credit&quot;:&quot;&quot;,&quot;camera&quot;:&quot;&quot;,&quot;caption&quot;:&quot;&quot;,&quot;created_timestamp&quot;:&quot;0&quot;,&quot;copyright&quot;:&quot;&quot;,&quot;focal_length&quot;:&quot;0&quot;,&quot;iso&quot;:&quot;0&quot;,&quot;shutter_speed&quot;:&quot;0&quot;,&quot;title&quot;:&quot;&quot;,&quot;orientation&quot;:&quot;0&quot;}\" data-image-title=\"16522743_1332916130098609_794006714_n\" data-image-description=\"\" data-image-caption=\"\" data-medium-file=\"https:\/\/i0.wp.com\/opemisca.com\/blog\/wp-content\/uploads\/2018\/01\/16522743_1332916130098609_794006714_n.jpg?fit=225%2C300&amp;ssl=1\" data-large-file=\"https:\/\/i0.wp.com\/opemisca.com\/blog\/wp-content\/uploads\/2018\/01\/16522743_1332916130098609_794006714_n.jpg?fit=720%2C960&amp;ssl=1\" class=\"alignnone size-medium wp-image-51\" src=\"https:\/\/i0.wp.com\/opemisca.com\/blog\/wp-content\/uploads\/2018\/01\/16522743_1332916130098609_794006714_n.jpg?resize=225%2C300&#038;ssl=1\" alt=\"\" width=\"225\" height=\"300\" srcset=\"https:\/\/i0.wp.com\/opemisca.com\/blog\/wp-content\/uploads\/2018\/01\/16522743_1332916130098609_794006714_n.jpg?resize=225%2C300&amp;ssl=1 225w, https:\/\/i0.wp.com\/opemisca.com\/blog\/wp-content\/uploads\/2018\/01\/16522743_1332916130098609_794006714_n.jpg?w=720&amp;ssl=1 720w\" sizes=\"auto, (max-width: 225px) 100vw, 225px\" \/><\/p>\n<p>&nbsp;<\/p>\n<p>R\u00e9f\u00e9rence :<\/p>\n<p><a href=\"https:\/\/tourisme.saguenay.ca\/fr\/quoi-faire\/activites-hivernales\/peche-blanche\">https:\/\/tourisme.saguenay.ca\/fr\/quoi-faire\/activites-hivernales\/peche-blanche<\/a><\/p>\n<p><a href=\"https:\/\/www.quebecoriginal.com\/\">https:\/\/www.quebecoriginal.com\/<\/a><\/p>\n<p><a href=\"http:\/\/www.virtualmuseum.ca\/sgc-cms\/expositions-exhibitions\/fjord\/francais\/e_poisson_f1.html\">http:\/\/www.virtualmuseum.ca\/sgc-cms\/expositions-exhibitions\/fjord\/francais\/e_poisson_f1.html<\/a><\/p>\n<p>&nbsp;<\/p>\n","protected":false},"excerpt":{"rendered":"<p>Le Fjord du Saguenay, majestueux que dire de plus??? Situ\u00e9 dans la magnifique r\u00e9gion du Saguenay Lac Saint-jean au Qu\u00e9bec (Canada). Il a \u00e9t\u00e9 creus\u00e9 par le passage des glaciers il y a de cela des milliers d&rsquo;ann\u00e9es, une de ses caract\u00e9ristique importante est que de l&rsquo;eau douce coule \u00e0 sa surface mais que ses [&hellip;]<\/p>\n","protected":false},"author":1,"featured_media":0,"comment_status":"open","ping_status":"open","sticky":false,"template":"","format":"standard","meta":{"_monsterinsights_skip_tracking":false,"_monsterinsights_sitenote_active":false,"_monsterinsights_sitenote_note":"","_monsterinsights_sitenote_category":0,"jetpack_post_was_ever_published":false,"_jetpack_newsletter_access":"","_jetpack_dont_email_post_to_subs":false,"_jetpack_newsletter_tier_id":0,"_jetpack_memberships_contains_paywalled_content":false,"_jetpack_memberships_contains_paid_content":false,"footnotes":"","jetpack_publicize_message":"","jetpack_publicize_feature_enabled":true,"jetpack_social_post_already_shared":false,"jetpack_social_options":{"image_generator_settings":{"template":"highway","default_image_id":0,"font":"","enabled":false},"version":2}},"categories":[5],"tags":[],"class_list":["post-27","post","type-post","status-publish","format-standard","hentry","category-destination"],"yoast_head":"<!-- This site is optimized with the Yoast SEO plugin v26.6 - https:\/\/yoast.com\/wordpress\/plugins\/seo\/ -->\n<title>Le Fjord du Saguenay - Les Leurres Op\u00e9misca<\/title>\n<meta name=\"description\" content=\"D\u00e9couvrez la majestueuse beaut\u00e9 du Fjord du Saguenay situ\u00e9 dans la r\u00e9gion du Saguenay Lac Saint-jean au Qu\u00e9bec, Canada. Ce fjord creus\u00e9 par les glaciers offre un \u00e9cosyst\u00e8me unique et diversifi\u00e9 avec ses rives escarp\u00e9es et sa faune marine en excellente sant\u00e9. Le Fjord attire chaque ann\u00e9e des milliers d&#039;adeptes de p\u00eache blanche en hiver. utilisez les bubble eyes des leurres opemisca pour une p\u00eache de r\u00eave.\" \/>\n<meta name=\"robots\" content=\"index, follow, max-snippet:-1, max-image-preview:large, max-video-preview:-1\" \/>\n<link rel=\"canonical\" href=\"https:\/\/opemisca.com\/blog\/2018\/01\/31\/le-fjord-du-saguenay\/\" \/>\n<meta property=\"og:locale\" content=\"fr_FR\" \/>\n<meta property=\"og:type\" content=\"article\" \/>\n<meta property=\"og:title\" content=\"Le Fjord du Saguenay - Les Leurres Op\u00e9misca\" \/>\n<meta property=\"og:description\" content=\"D\u00e9couvrez la majestueuse beaut\u00e9 du Fjord du Saguenay situ\u00e9 dans la r\u00e9gion du Saguenay Lac Saint-jean au Qu\u00e9bec, Canada. Ce fjord creus\u00e9 par les glaciers offre un \u00e9cosyst\u00e8me unique et diversifi\u00e9 avec ses rives escarp\u00e9es et sa faune marine en excellente sant\u00e9. Le Fjord attire chaque ann\u00e9e des milliers d&#039;adeptes de p\u00eache blanche en hiver. utilisez les bubble eyes des leurres opemisca pour une p\u00eache de r\u00eave.\" \/>\n<meta property=\"og:url\" content=\"https:\/\/opemisca.com\/blog\/2018\/01\/31\/le-fjord-du-saguenay\/\" \/>\n<meta property=\"og:site_name\" content=\"Les Leurres Op\u00e9misca\" \/>\n<meta property=\"article:publisher\" content=\"https:\/\/www.facebook.com\/lesleurresopemisca\/\" \/>\n<meta property=\"article:published_time\" content=\"2018-01-31T23:37:33+00:00\" \/>\n<meta property=\"article:modified_time\" content=\"2023-02-08T21:11:02+00:00\" \/>\n<meta property=\"og:image\" content=\"https:\/\/opemisca.com\/blog\/wp-content\/uploads\/2018\/01\/la_baie-300x200.jpg\" \/>\n<meta name=\"author\" content=\"Pierre\" \/>\n<meta name=\"twitter:card\" content=\"summary_large_image\" \/>\n<meta name=\"twitter:label1\" content=\"\u00c9crit par\" \/>\n\t<meta name=\"twitter:data1\" content=\"Pierre\" \/>\n\t<meta name=\"twitter:label2\" content=\"Dur\u00e9e de lecture estim\u00e9e\" \/>\n\t<meta name=\"twitter:data2\" content=\"3 minutes\" \/>\n<script type=\"application\/ld+json\" class=\"yoast-schema-graph\">{\"@context\":\"https:\/\/schema.org\",\"@graph\":[{\"@type\":\"Article\",\"@id\":\"https:\/\/opemisca.com\/blog\/2018\/01\/31\/le-fjord-du-saguenay\/#article\",\"isPartOf\":{\"@id\":\"https:\/\/opemisca.com\/blog\/2018\/01\/31\/le-fjord-du-saguenay\/\"},\"author\":{\"name\":\"Pierre\",\"@id\":\"https:\/\/opemisca.com\/blog\/#\/schema\/person\/86e5ef84ee093f8929f1d09776e46259\"},\"headline\":\"Le Fjord du Saguenay\",\"datePublished\":\"2018-01-31T23:37:33+00:00\",\"dateModified\":\"2023-02-08T21:11:02+00:00\",\"mainEntityOfPage\":{\"@id\":\"https:\/\/opemisca.com\/blog\/2018\/01\/31\/le-fjord-du-saguenay\/\"},\"wordCount\":600,\"commentCount\":1,\"publisher\":{\"@id\":\"https:\/\/opemisca.com\/blog\/#organization\"},\"image\":{\"@id\":\"https:\/\/opemisca.com\/blog\/2018\/01\/31\/le-fjord-du-saguenay\/#primaryimage\"},\"thumbnailUrl\":\"https:\/\/opemisca.com\/blog\/wp-content\/uploads\/2018\/01\/la_baie-300x200.jpg\",\"articleSection\":[\"Destination\"],\"inLanguage\":\"fr-FR\",\"potentialAction\":[{\"@type\":\"CommentAction\",\"name\":\"Comment\",\"target\":[\"https:\/\/opemisca.com\/blog\/2018\/01\/31\/le-fjord-du-saguenay\/#respond\"]}]},{\"@type\":\"WebPage\",\"@id\":\"https:\/\/opemisca.com\/blog\/2018\/01\/31\/le-fjord-du-saguenay\/\",\"url\":\"https:\/\/opemisca.com\/blog\/2018\/01\/31\/le-fjord-du-saguenay\/\",\"name\":\"Le Fjord du Saguenay - Les Leurres Op\u00e9misca\",\"isPartOf\":{\"@id\":\"https:\/\/opemisca.com\/blog\/#website\"},\"primaryImageOfPage\":{\"@id\":\"https:\/\/opemisca.com\/blog\/2018\/01\/31\/le-fjord-du-saguenay\/#primaryimage\"},\"image\":{\"@id\":\"https:\/\/opemisca.com\/blog\/2018\/01\/31\/le-fjord-du-saguenay\/#primaryimage\"},\"thumbnailUrl\":\"https:\/\/opemisca.com\/blog\/wp-content\/uploads\/2018\/01\/la_baie-300x200.jpg\",\"datePublished\":\"2018-01-31T23:37:33+00:00\",\"dateModified\":\"2023-02-08T21:11:02+00:00\",\"description\":\"D\u00e9couvrez la majestueuse beaut\u00e9 du Fjord du Saguenay situ\u00e9 dans la r\u00e9gion du Saguenay Lac Saint-jean au Qu\u00e9bec, Canada. Ce fjord creus\u00e9 par les glaciers offre un \u00e9cosyst\u00e8me unique et diversifi\u00e9 avec ses rives escarp\u00e9es et sa faune marine en excellente sant\u00e9. Le Fjord attire chaque ann\u00e9e des milliers d'adeptes de p\u00eache blanche en hiver. utilisez les bubble eyes des leurres opemisca pour une p\u00eache de r\u00eave.\",\"breadcrumb\":{\"@id\":\"https:\/\/opemisca.com\/blog\/2018\/01\/31\/le-fjord-du-saguenay\/#breadcrumb\"},\"inLanguage\":\"fr-FR\",\"potentialAction\":[{\"@type\":\"ReadAction\",\"target\":[\"https:\/\/opemisca.com\/blog\/2018\/01\/31\/le-fjord-du-saguenay\/\"]}]},{\"@type\":\"ImageObject\",\"inLanguage\":\"fr-FR\",\"@id\":\"https:\/\/opemisca.com\/blog\/2018\/01\/31\/le-fjord-du-saguenay\/#primaryimage\",\"url\":\"https:\/\/i0.wp.com\/opemisca.com\/blog\/wp-content\/uploads\/2018\/01\/la_baie.jpg?fit=364%2C243&ssl=1\",\"contentUrl\":\"https:\/\/i0.wp.com\/opemisca.com\/blog\/wp-content\/uploads\/2018\/01\/la_baie.jpg?fit=364%2C243&ssl=1\",\"width\":364,\"height\":243,\"caption\":\"????????????????????????????????????\"},{\"@type\":\"BreadcrumbList\",\"@id\":\"https:\/\/opemisca.com\/blog\/2018\/01\/31\/le-fjord-du-saguenay\/#breadcrumb\",\"itemListElement\":[{\"@type\":\"ListItem\",\"position\":1,\"name\":\"Accueil\",\"item\":\"https:\/\/opemisca.com\/blog\/\"},{\"@type\":\"ListItem\",\"position\":2,\"name\":\"Le Fjord du Saguenay\"}]},{\"@type\":\"WebSite\",\"@id\":\"https:\/\/opemisca.com\/blog\/#website\",\"url\":\"https:\/\/opemisca.com\/blog\/\",\"name\":\"Les Leurres Op\u00e9misca\",\"description\":\"Passionn\u00e9 de p\u00eache sportive\",\"publisher\":{\"@id\":\"https:\/\/opemisca.com\/blog\/#organization\"},\"potentialAction\":[{\"@type\":\"SearchAction\",\"target\":{\"@type\":\"EntryPoint\",\"urlTemplate\":\"https:\/\/opemisca.com\/blog\/?s={search_term_string}\"},\"query-input\":{\"@type\":\"PropertyValueSpecification\",\"valueRequired\":true,\"valueName\":\"search_term_string\"}}],\"inLanguage\":\"fr-FR\"},{\"@type\":\"Organization\",\"@id\":\"https:\/\/opemisca.com\/blog\/#organization\",\"name\":\"Les Leurres Op\u00e9misca\",\"url\":\"https:\/\/opemisca.com\/blog\/\",\"logo\":{\"@type\":\"ImageObject\",\"inLanguage\":\"fr-FR\",\"@id\":\"https:\/\/opemisca.com\/blog\/#\/schema\/logo\/image\/\",\"url\":\"https:\/\/i0.wp.com\/opemisca.com\/blog\/wp-content\/uploads\/2018\/07\/logosharp.png?fit=357%2C213&ssl=1\",\"contentUrl\":\"https:\/\/i0.wp.com\/opemisca.com\/blog\/wp-content\/uploads\/2018\/07\/logosharp.png?fit=357%2C213&ssl=1\",\"width\":357,\"height\":213,\"caption\":\"Les Leurres Op\u00e9misca\"},\"image\":{\"@id\":\"https:\/\/opemisca.com\/blog\/#\/schema\/logo\/image\/\"},\"sameAs\":[\"https:\/\/www.facebook.com\/lesleurresopemisca\/\"]},{\"@type\":\"Person\",\"@id\":\"https:\/\/opemisca.com\/blog\/#\/schema\/person\/86e5ef84ee093f8929f1d09776e46259\",\"name\":\"Pierre\",\"image\":{\"@type\":\"ImageObject\",\"inLanguage\":\"fr-FR\",\"@id\":\"https:\/\/opemisca.com\/blog\/#\/schema\/person\/image\/\",\"url\":\"https:\/\/secure.gravatar.com\/avatar\/c78cd60d03280f3b31c5a57781ef7172d5b4eb7d13cc0dcfeb209e615a750fb5?s=96&d=mm&r=g\",\"contentUrl\":\"https:\/\/secure.gravatar.com\/avatar\/c78cd60d03280f3b31c5a57781ef7172d5b4eb7d13cc0dcfeb209e615a750fb5?s=96&d=mm&r=g\",\"caption\":\"Pierre\"}}]}<\/script>\n<!-- \/ Yoast SEO plugin. -->","yoast_head_json":{"title":"Le Fjord du Saguenay - Les Leurres Op\u00e9misca","description":"D\u00e9couvrez la majestueuse beaut\u00e9 du Fjord du Saguenay situ\u00e9 dans la r\u00e9gion du Saguenay Lac Saint-jean au Qu\u00e9bec, Canada. Ce fjord creus\u00e9 par les glaciers offre un \u00e9cosyst\u00e8me unique et diversifi\u00e9 avec ses rives escarp\u00e9es et sa faune marine en excellente sant\u00e9. Le Fjord attire chaque ann\u00e9e des milliers d'adeptes de p\u00eache blanche en hiver. utilisez les bubble eyes des leurres opemisca pour une p\u00eache de r\u00eave.","robots":{"index":"index","follow":"follow","max-snippet":"max-snippet:-1","max-image-preview":"max-image-preview:large","max-video-preview":"max-video-preview:-1"},"canonical":"https:\/\/opemisca.com\/blog\/2018\/01\/31\/le-fjord-du-saguenay\/","og_locale":"fr_FR","og_type":"article","og_title":"Le Fjord du Saguenay - Les Leurres Op\u00e9misca","og_description":"D\u00e9couvrez la majestueuse beaut\u00e9 du Fjord du Saguenay situ\u00e9 dans la r\u00e9gion du Saguenay Lac Saint-jean au Qu\u00e9bec, Canada. Ce fjord creus\u00e9 par les glaciers offre un \u00e9cosyst\u00e8me unique et diversifi\u00e9 avec ses rives escarp\u00e9es et sa faune marine en excellente sant\u00e9. Le Fjord attire chaque ann\u00e9e des milliers d'adeptes de p\u00eache blanche en hiver. utilisez les bubble eyes des leurres opemisca pour une p\u00eache de r\u00eave.","og_url":"https:\/\/opemisca.com\/blog\/2018\/01\/31\/le-fjord-du-saguenay\/","og_site_name":"Les Leurres Op\u00e9misca","article_publisher":"https:\/\/www.facebook.com\/lesleurresopemisca\/","article_published_time":"2018-01-31T23:37:33+00:00","article_modified_time":"2023-02-08T21:11:02+00:00","og_image":[{"url":"https:\/\/opemisca.com\/blog\/wp-content\/uploads\/2018\/01\/la_baie-300x200.jpg","type":"","width":"","height":""}],"author":"Pierre","twitter_card":"summary_large_image","twitter_misc":{"\u00c9crit par":"Pierre","Dur\u00e9e de lecture estim\u00e9e":"3 minutes"},"schema":{"@context":"https:\/\/schema.org","@graph":[{"@type":"Article","@id":"https:\/\/opemisca.com\/blog\/2018\/01\/31\/le-fjord-du-saguenay\/#article","isPartOf":{"@id":"https:\/\/opemisca.com\/blog\/2018\/01\/31\/le-fjord-du-saguenay\/"},"author":{"name":"Pierre","@id":"https:\/\/opemisca.com\/blog\/#\/schema\/person\/86e5ef84ee093f8929f1d09776e46259"},"headline":"Le Fjord du Saguenay","datePublished":"2018-01-31T23:37:33+00:00","dateModified":"2023-02-08T21:11:02+00:00","mainEntityOfPage":{"@id":"https:\/\/opemisca.com\/blog\/2018\/01\/31\/le-fjord-du-saguenay\/"},"wordCount":600,"commentCount":1,"publisher":{"@id":"https:\/\/opemisca.com\/blog\/#organization"},"image":{"@id":"https:\/\/opemisca.com\/blog\/2018\/01\/31\/le-fjord-du-saguenay\/#primaryimage"},"thumbnailUrl":"https:\/\/opemisca.com\/blog\/wp-content\/uploads\/2018\/01\/la_baie-300x200.jpg","articleSection":["Destination"],"inLanguage":"fr-FR","potentialAction":[{"@type":"CommentAction","name":"Comment","target":["https:\/\/opemisca.com\/blog\/2018\/01\/31\/le-fjord-du-saguenay\/#respond"]}]},{"@type":"WebPage","@id":"https:\/\/opemisca.com\/blog\/2018\/01\/31\/le-fjord-du-saguenay\/","url":"https:\/\/opemisca.com\/blog\/2018\/01\/31\/le-fjord-du-saguenay\/","name":"Le Fjord du Saguenay - Les Leurres Op\u00e9misca","isPartOf":{"@id":"https:\/\/opemisca.com\/blog\/#website"},"primaryImageOfPage":{"@id":"https:\/\/opemisca.com\/blog\/2018\/01\/31\/le-fjord-du-saguenay\/#primaryimage"},"image":{"@id":"https:\/\/opemisca.com\/blog\/2018\/01\/31\/le-fjord-du-saguenay\/#primaryimage"},"thumbnailUrl":"https:\/\/opemisca.com\/blog\/wp-content\/uploads\/2018\/01\/la_baie-300x200.jpg","datePublished":"2018-01-31T23:37:33+00:00","dateModified":"2023-02-08T21:11:02+00:00","description":"D\u00e9couvrez la majestueuse beaut\u00e9 du Fjord du Saguenay situ\u00e9 dans la r\u00e9gion du Saguenay Lac Saint-jean au Qu\u00e9bec, Canada. Ce fjord creus\u00e9 par les glaciers offre un \u00e9cosyst\u00e8me unique et diversifi\u00e9 avec ses rives escarp\u00e9es et sa faune marine en excellente sant\u00e9. Le Fjord attire chaque ann\u00e9e des milliers d'adeptes de p\u00eache blanche en hiver. utilisez les bubble eyes des leurres opemisca pour une p\u00eache de r\u00eave.","breadcrumb":{"@id":"https:\/\/opemisca.com\/blog\/2018\/01\/31\/le-fjord-du-saguenay\/#breadcrumb"},"inLanguage":"fr-FR","potentialAction":[{"@type":"ReadAction","target":["https:\/\/opemisca.com\/blog\/2018\/01\/31\/le-fjord-du-saguenay\/"]}]},{"@type":"ImageObject","inLanguage":"fr-FR","@id":"https:\/\/opemisca.com\/blog\/2018\/01\/31\/le-fjord-du-saguenay\/#primaryimage","url":"https:\/\/i0.wp.com\/opemisca.com\/blog\/wp-content\/uploads\/2018\/01\/la_baie.jpg?fit=364%2C243&ssl=1","contentUrl":"https:\/\/i0.wp.com\/opemisca.com\/blog\/wp-content\/uploads\/2018\/01\/la_baie.jpg?fit=364%2C243&ssl=1","width":364,"height":243,"caption":"????????????????????????????????????"},{"@type":"BreadcrumbList","@id":"https:\/\/opemisca.com\/blog\/2018\/01\/31\/le-fjord-du-saguenay\/#breadcrumb","itemListElement":[{"@type":"ListItem","position":1,"name":"Accueil","item":"https:\/\/opemisca.com\/blog\/"},{"@type":"ListItem","position":2,"name":"Le Fjord du Saguenay"}]},{"@type":"WebSite","@id":"https:\/\/opemisca.com\/blog\/#website","url":"https:\/\/opemisca.com\/blog\/","name":"Les Leurres Op\u00e9misca","description":"Passionn\u00e9 de p\u00eache sportive","publisher":{"@id":"https:\/\/opemisca.com\/blog\/#organization"},"potentialAction":[{"@type":"SearchAction","target":{"@type":"EntryPoint","urlTemplate":"https:\/\/opemisca.com\/blog\/?s={search_term_string}"},"query-input":{"@type":"PropertyValueSpecification","valueRequired":true,"valueName":"search_term_string"}}],"inLanguage":"fr-FR"},{"@type":"Organization","@id":"https:\/\/opemisca.com\/blog\/#organization","name":"Les Leurres Op\u00e9misca","url":"https:\/\/opemisca.com\/blog\/","logo":{"@type":"ImageObject","inLanguage":"fr-FR","@id":"https:\/\/opemisca.com\/blog\/#\/schema\/logo\/image\/","url":"https:\/\/i0.wp.com\/opemisca.com\/blog\/wp-content\/uploads\/2018\/07\/logosharp.png?fit=357%2C213&ssl=1","contentUrl":"https:\/\/i0.wp.com\/opemisca.com\/blog\/wp-content\/uploads\/2018\/07\/logosharp.png?fit=357%2C213&ssl=1","width":357,"height":213,"caption":"Les Leurres Op\u00e9misca"},"image":{"@id":"https:\/\/opemisca.com\/blog\/#\/schema\/logo\/image\/"},"sameAs":["https:\/\/www.facebook.com\/lesleurresopemisca\/"]},{"@type":"Person","@id":"https:\/\/opemisca.com\/blog\/#\/schema\/person\/86e5ef84ee093f8929f1d09776e46259","name":"Pierre","image":{"@type":"ImageObject","inLanguage":"fr-FR","@id":"https:\/\/opemisca.com\/blog\/#\/schema\/person\/image\/","url":"https:\/\/secure.gravatar.com\/avatar\/c78cd60d03280f3b31c5a57781ef7172d5b4eb7d13cc0dcfeb209e615a750fb5?s=96&d=mm&r=g","contentUrl":"https:\/\/secure.gravatar.com\/avatar\/c78cd60d03280f3b31c5a57781ef7172d5b4eb7d13cc0dcfeb209e615a750fb5?s=96&d=mm&r=g","caption":"Pierre"}}]}},"jetpack_publicize_connections":[],"jetpack_featured_media_url":"","jetpack_sharing_enabled":true,"jetpack_shortlink":"https:\/\/wp.me\/p9ClBa-r","jetpack_likes_enabled":true,"jetpack-related-posts":[],"_links":{"self":[{"href":"https:\/\/opemisca.com\/blog\/wp-json\/wp\/v2\/posts\/27","targetHints":{"allow":["GET"]}}],"collection":[{"href":"https:\/\/opemisca.com\/blog\/wp-json\/wp\/v2\/posts"}],"about":[{"href":"https:\/\/opemisca.com\/blog\/wp-json\/wp\/v2\/types\/post"}],"author":[{"embeddable":true,"href":"https:\/\/opemisca.com\/blog\/wp-json\/wp\/v2\/users\/1"}],"replies":[{"embeddable":true,"href":"https:\/\/opemisca.com\/blog\/wp-json\/wp\/v2\/comments?post=27"}],"version-history":[{"count":14,"href":"https:\/\/opemisca.com\/blog\/wp-json\/wp\/v2\/posts\/27\/revisions"}],"predecessor-version":[{"id":38,"href":"https:\/\/opemisca.com\/blog\/wp-json\/wp\/v2\/posts\/27\/revisions\/38"}],"wp:attachment":[{"href":"https:\/\/opemisca.com\/blog\/wp-json\/wp\/v2\/media?parent=27"}],"wp:term":[{"taxonomy":"category","embeddable":true,"href":"https:\/\/opemisca.com\/blog\/wp-json\/wp\/v2\/categories?post=27"},{"taxonomy":"post_tag","embeddable":true,"href":"https:\/\/opemisca.com\/blog\/wp-json\/wp\/v2\/tags?post=27"}],"curies":[{"name":"wp","href":"https:\/\/api.w.org\/{rel}","templated":true}]}}